{"id":7693,"date":"2025-05-12T11:07:34","date_gmt":"2025-05-12T09:07:34","guid":{"rendered":"https:\/\/www.domaines-tatin.com\/?p=7693"},"modified":"2026-03-12T11:07:15","modified_gmt":"2026-03-12T10:07:15","slug":"le-croz-les-tirans-un-projet-d-amenagement-vitiforestier","status":"publish","type":"post","link":"https:\/\/www.domaines-tatin.com\/en\/le-croz-les-tirans-un-projet-d-amenagement-vitiforestier\/","title":{"rendered":"Le Croz, les Tirans, un projet d\u2019am\u00e9nagement vitiforestier"},"content":{"rendered":"\t\t<div data-elementor-type=\"wp-post\" data-elementor-id=\"7693\" class=\"elementor elementor-7693\" data-elementor-post-type=\"post\">\n\t\t\t\t\t\t<section class=\"elementor-section elementor-top-section elementor-element elementor-element-d63a352 elementor-section-boxed elementor-section-height-default elementor-section-height-default parallax_section_no qode_elementor_container_no\" data-id=\"d63a352\" data-element_type=\"section\" data-e-type=\"section\">\n\t\t\t\t\t\t<div class=\"elementor-container elementor-column-gap-default\">\n\t\t\t\t\t<div class=\"elementor-column elementor-col-100 elementor-top-column elementor-element elementor-element-bc54c85\" data-id=\"bc54c85\" data-element_type=\"column\" data-e-type=\"column\">\n\t\t\t<div class=\"elementor-widget-wrap elementor-element-populated\">\n\t\t\t\t\t\t<div class=\"elementor-element elementor-element-a829198 elementor-widget elementor-widget-image\" data-id=\"a829198\" data-element_type=\"widget\" data-e-type=\"widget\" data-widget_type=\"image.default\">\n\t\t\t\t<div class=\"elementor-widget-container\">\n\t\t\t\t\t\t\t\t\t\t\t\t<figure class=\"wp-caption\">\n\t\t\t\t\t\t\t\t\t\t<img fetchpriority=\"high\" decoding=\"async\" width=\"1024\" height=\"381\" src=\"https:\/\/www.domaines-tatin.com\/wp-content\/uploads\/2025\/04\/les-croz-chantier-180425-1-redim-1-1024x381.jpg\" class=\"attachment-large size-large wp-image-7703\" alt=\"\" srcset=\"https:\/\/www.domaines-tatin.com\/wp-content\/uploads\/2025\/04\/les-croz-chantier-180425-1-redim-1-1024x381.jpg 1024w, https:\/\/www.domaines-tatin.com\/wp-content\/uploads\/2025\/04\/les-croz-chantier-180425-1-redim-1-500x186.jpg 500w, https:\/\/www.domaines-tatin.com\/wp-content\/uploads\/2025\/04\/les-croz-chantier-180425-1-redim-1-768x286.jpg 768w, https:\/\/www.domaines-tatin.com\/wp-content\/uploads\/2025\/04\/les-croz-chantier-180425-1-redim-1-100x37.jpg 100w, https:\/\/www.domaines-tatin.com\/wp-content\/uploads\/2025\/04\/les-croz-chantier-180425-1-redim-1-180x67.jpg 180w, https:\/\/www.domaines-tatin.com\/wp-content\/uploads\/2025\/04\/les-croz-chantier-180425-1-redim-1-200x74.jpg 200w\" sizes=\"(max-width: 1024px) 100vw, 1024px\" \/>\t\t\t\t\t\t\t\t\t\t\t<figcaption class=\"widget-image-caption wp-caption-text\">Au loin, une pelleteuse se dessine sur le haut du coteau, face nord-est. Photo : Chlo\u00e9 Walot<\/figcaption>\n\t\t\t\t\t\t\t\t\t\t<\/figure>\n\t\t\t\t\t\t\t\t\t<\/div>\n\t\t\t\t<\/div>\n\t\t\t\t<div class=\"elementor-element elementor-element-55a26e6 elementor-widget elementor-widget-text-editor\" data-id=\"55a26e6\" data-element_type=\"widget\" data-e-type=\"widget\" data-widget_type=\"text-editor.default\">\n\t\t\t\t<div class=\"elementor-widget-container\">\n\t\t\t\t\t\t\t\t\t<p>Les Croz est une parcelle situ\u00e9e sur les coteaux calcaires de l&#8217;est du vignoble de l&#8217;<a href=\"https:\/\/www.domaines-tatin.com\/qui-sommes-nous\/nos-appellations\/\" target=\"_blank\" rel=\"noopener\">AOC Reuilly<\/a>, repr\u00e9sentant la fronti\u00e8re ouest du lit majeur de l&#8217;Arnon. L&#8217;unit\u00e9 cartographique de sol est d\u00e9crite comme faisant partie des &#8220;interfluves et versants c\u00e9r\u00e9aliers, d\u00e9velopp\u00e9s sur les marnes du Kimm\u00e9ridgien, surtout des sols argilo-calcaires, profonds, au nord de la Champagne Berrichonne&#8221; (Source : R\u00e9f\u00e9rentiel R\u00e9gional P\u00e9dologique du d\u00e9partement de l&#8217;Indre, Chambre d&#8217;agriculture de l&#8217;Indre).<\/p><p>La parcelle est en cours de plantation en vignes. Nous avons choisi d&#8217;y planter du Sauvignon blanc et du Pinot noir. Cependant, nous avions \u00e9galement envie de planter autre chose que de la vigne&#8230; La pr\u00e9sence de plusieurs bosquets en haut et en contrebas du coteau nous donne envie de les relier&#8230; Tr\u00e8s certainement sous l&#8217;influence des r\u00e9flexions collectives men\u00e9es depuis quelques ann\u00e9es au sein de nos AOC.<\/p>\t\t\t\t\t\t\t\t<\/div>\n\t\t\t\t<\/div>\n\t\t\t\t<section class=\"elementor-section elementor-inner-section elementor-element elementor-element-b07ac73 elementor-section-boxed elementor-section-height-default elementor-section-height-default parallax_section_no qode_elementor_container_no\" data-id=\"b07ac73\" data-element_type=\"section\" data-e-type=\"section\">\n\t\t\t\t\t\t<div class=\"elementor-container elementor-column-gap-default\">\n\t\t\t\t\t<div class=\"elementor-column elementor-col-50 elementor-inner-column elementor-element elementor-element-e5149c5\" data-id=\"e5149c5\" data-element_type=\"column\" data-e-type=\"column\">\n\t\t\t<div class=\"elementor-widget-wrap elementor-element-populated\">\n\t\t\t\t\t\t<div class=\"elementor-element elementor-element-12e9b82 elementor-widget elementor-widget-image\" data-id=\"12e9b82\" data-element_type=\"widget\" data-e-type=\"widget\" data-widget_type=\"image.default\">\n\t\t\t\t<div class=\"elementor-widget-container\">\n\t\t\t\t\t\t\t\t\t\t\t\t<figure class=\"wp-caption\">\n\t\t\t\t\t\t\t\t\t\t<img decoding=\"async\" width=\"1024\" height=\"768\" src=\"https:\/\/www.domaines-tatin.com\/wp-content\/uploads\/2025\/04\/les-croz-taiga-1024x768.jpg\" class=\"attachment-large size-large wp-image-7708\" alt=\"\" srcset=\"https:\/\/www.domaines-tatin.com\/wp-content\/uploads\/2025\/04\/les-croz-taiga-1024x768.jpg 1024w, https:\/\/www.domaines-tatin.com\/wp-content\/uploads\/2025\/04\/les-croz-taiga-500x375.jpg 500w, https:\/\/www.domaines-tatin.com\/wp-content\/uploads\/2025\/04\/les-croz-taiga-768x576.jpg 768w, https:\/\/www.domaines-tatin.com\/wp-content\/uploads\/2025\/04\/les-croz-taiga-100x75.jpg 100w, https:\/\/www.domaines-tatin.com\/wp-content\/uploads\/2025\/04\/les-croz-taiga-180x135.jpg 180w, https:\/\/www.domaines-tatin.com\/wp-content\/uploads\/2025\/04\/les-croz-taiga-200x150.jpg 200w\" sizes=\"(max-width: 1024px) 100vw, 1024px\" \/>\t\t\t\t\t\t\t\t\t\t\t<figcaption class=\"widget-image-caption wp-caption-text\">Au Croz, on plante...<\/figcaption>\n\t\t\t\t\t\t\t\t\t\t<\/figure>\n\t\t\t\t\t\t\t\t\t<\/div>\n\t\t\t\t<\/div>\n\t\t\t\t\t<\/div>\n\t\t<\/div>\n\t\t\t\t<div class=\"elementor-column elementor-col-50 elementor-inner-column elementor-element elementor-element-199f6a1\" data-id=\"199f6a1\" data-element_type=\"column\" data-e-type=\"column\">\n\t\t\t<div class=\"elementor-widget-wrap elementor-element-populated\">\n\t\t\t\t\t\t<div class=\"elementor-element elementor-element-9ec17c6 elementor-widget elementor-widget-image\" data-id=\"9ec17c6\" data-element_type=\"widget\" data-e-type=\"widget\" data-widget_type=\"image.default\">\n\t\t\t\t<div class=\"elementor-widget-container\">\n\t\t\t\t\t\t\t\t\t\t\t\t<figure class=\"wp-caption\">\n\t\t\t\t\t\t\t\t\t\t<img decoding=\"async\" width=\"960\" height=\"720\" src=\"https:\/\/www.domaines-tatin.com\/wp-content\/uploads\/2025\/04\/la-taille-aux-croz-derniers-jour-au-bout-de-3-mois.jpg\" class=\"attachment-large size-large wp-image-7695\" alt=\"\" srcset=\"https:\/\/www.domaines-tatin.com\/wp-content\/uploads\/2025\/04\/la-taille-aux-croz-derniers-jour-au-bout-de-3-mois.jpg 960w, https:\/\/www.domaines-tatin.com\/wp-content\/uploads\/2025\/04\/la-taille-aux-croz-derniers-jour-au-bout-de-3-mois-500x375.jpg 500w, https:\/\/www.domaines-tatin.com\/wp-content\/uploads\/2025\/04\/la-taille-aux-croz-derniers-jour-au-bout-de-3-mois-768x576.jpg 768w, https:\/\/www.domaines-tatin.com\/wp-content\/uploads\/2025\/04\/la-taille-aux-croz-derniers-jour-au-bout-de-3-mois-100x75.jpg 100w, https:\/\/www.domaines-tatin.com\/wp-content\/uploads\/2025\/04\/la-taille-aux-croz-derniers-jour-au-bout-de-3-mois-180x135.jpg 180w, https:\/\/www.domaines-tatin.com\/wp-content\/uploads\/2025\/04\/la-taille-aux-croz-derniers-jour-au-bout-de-3-mois-200x150.jpg 200w\" sizes=\"(max-width: 960px) 100vw, 960px\" \/>\t\t\t\t\t\t\t\t\t\t\t<figcaption class=\"widget-image-caption wp-caption-text\">...et on taille !<\/figcaption>\n\t\t\t\t\t\t\t\t\t\t<\/figure>\n\t\t\t\t\t\t\t\t\t<\/div>\n\t\t\t\t<\/div>\n\t\t\t\t\t<\/div>\n\t\t<\/div>\n\t\t\t\t\t<\/div>\n\t\t<\/section>\n\t\t\t\t<div class=\"elementor-element elementor-element-5e9c0e1 elementor-widget elementor-widget-text-editor\" data-id=\"5e9c0e1\" data-element_type=\"widget\" data-e-type=\"widget\" data-widget_type=\"text-editor.default\">\n\t\t\t\t<div class=\"elementor-widget-container\">\n\t\t\t\t\t\t\t\t\t<p>Ce projet vitiforestier s&#8217;inscrit de fait dans une d\u00e9marche de territoire men\u00e9e avec les vignerons des AOP de Quincy et de Reuilly int\u00e9grant des objectifs de valorisation identitaire et paysag\u00e8re, de prise en compte et de renforcement de la biodiversit\u00e9 utile au vignoble et de lutte contre le gel. Ces diff\u00e9rents objectifs sont notamment trait\u00e9s \u00e0 travers l&#8217;int\u00e9gration de l&#8217;arbre, dans une approche de vitiforesterie. Cette d\u00e9marche collective est reconnue comme une Fili\u00e8re Locale Territorialis\u00e9e et soutenue par le Conseil r\u00e9gional en tant que telle. La parcelle est \u00e9galement contenue dans le territoire du contrat territorial Concert&#8217;eau, visant la protection qualitative et quantitative de la ressource en eau.\u00a0<\/p>\t\t\t\t\t\t\t\t<\/div>\n\t\t\t\t<\/div>\n\t\t\t\t<section class=\"elementor-section elementor-inner-section elementor-element elementor-element-8f02232 elementor-section-content-middle elementor-section-boxed elementor-section-height-default elementor-section-height-default parallax_section_no qode_elementor_container_no\" data-id=\"8f02232\" data-element_type=\"section\" data-e-type=\"section\">\n\t\t\t\t\t\t<div class=\"elementor-container elementor-column-gap-default\">\n\t\t\t\t\t<div class=\"elementor-column elementor-col-50 elementor-inner-column elementor-element elementor-element-47bbc7e\" data-id=\"47bbc7e\" data-element_type=\"column\" data-e-type=\"column\">\n\t\t\t<div class=\"elementor-widget-wrap elementor-element-populated\">\n\t\t\t\t\t\t<div class=\"elementor-element elementor-element-2ccc22a elementor-widget elementor-widget-text-editor\" data-id=\"2ccc22a\" data-element_type=\"widget\" data-e-type=\"widget\" data-widget_type=\"text-editor.default\">\n\t\t\t\t<div class=\"elementor-widget-container\">\n\t\t\t\t\t\t\t\t\t<p>En contrebas du coteau, face nord-est, nous avons fait creuser une mare. La terre extraite a \u00e9t\u00e9 utilis\u00e9e pour diminuer l&#8217;inclinaison de la pente du c\u00f4t\u00e9 sud-ouest. Cela permettra au tractoriste, une fois arriv\u00e9 au bout de la ligne de vignes, de faire demi-tour en toute s\u00e9curit\u00e9 en milieu de pente, au lieu de devoir descendre tout au fond pour tout remonter.<\/p><p>C&#8217;est un coteau tr\u00e8s escarp\u00e9 !<\/p><p>Cela \u00e9vitera \u00e9galement le ruissellement trop important des eaux de pluie et le risque d\u2019\u00e9rosion qui entra\u00eene une d\u00e9gradation de la structure du sol et la perte de nutriments, pr\u00e9cieux pour les v\u00e9g\u00e9taux.<\/p>\t\t\t\t\t\t\t\t<\/div>\n\t\t\t\t<\/div>\n\t\t\t\t\t<\/div>\n\t\t<\/div>\n\t\t\t\t<div class=\"elementor-column elementor-col-50 elementor-inner-column elementor-element elementor-element-9b7166b\" data-id=\"9b7166b\" data-element_type=\"column\" data-e-type=\"column\">\n\t\t\t<div class=\"elementor-widget-wrap elementor-element-populated\">\n\t\t\t\t\t\t<div class=\"elementor-element elementor-element-ca85f58 elementor-widget elementor-widget-image\" data-id=\"ca85f58\" data-element_type=\"widget\" data-e-type=\"widget\" data-widget_type=\"image.default\">\n\t\t\t\t<div class=\"elementor-widget-container\">\n\t\t\t\t\t\t\t\t\t\t\t\t<figure class=\"wp-caption\">\n\t\t\t\t\t\t\t\t\t\t<img loading=\"lazy\" decoding=\"async\" width=\"1024\" height=\"768\" src=\"https:\/\/www.domaines-tatin.com\/wp-content\/uploads\/2025\/04\/les-croz-chantier-180425-4-redim-1024x768.jpg\" class=\"attachment-large size-large wp-image-7701\" alt=\"\" srcset=\"https:\/\/www.domaines-tatin.com\/wp-content\/uploads\/2025\/04\/les-croz-chantier-180425-4-redim-1024x768.jpg 1024w, https:\/\/www.domaines-tatin.com\/wp-content\/uploads\/2025\/04\/les-croz-chantier-180425-4-redim-500x375.jpg 500w, https:\/\/www.domaines-tatin.com\/wp-content\/uploads\/2025\/04\/les-croz-chantier-180425-4-redim-768x576.jpg 768w, https:\/\/www.domaines-tatin.com\/wp-content\/uploads\/2025\/04\/les-croz-chantier-180425-4-redim-100x75.jpg 100w, https:\/\/www.domaines-tatin.com\/wp-content\/uploads\/2025\/04\/les-croz-chantier-180425-4-redim-180x135.jpg 180w, https:\/\/www.domaines-tatin.com\/wp-content\/uploads\/2025\/04\/les-croz-chantier-180425-4-redim-200x150.jpg 200w\" sizes=\"(max-width: 1024px) 100vw, 1024px\" \/>\t\t\t\t\t\t\t\t\t\t\t<figcaption class=\"widget-image-caption wp-caption-text\">Photo : Chlo\u00e9 Walot<\/figcaption>\n\t\t\t\t\t\t\t\t\t\t<\/figure>\n\t\t\t\t\t\t\t\t\t<\/div>\n\t\t\t\t<\/div>\n\t\t\t\t\t<\/div>\n\t\t<\/div>\n\t\t\t\t\t<\/div>\n\t\t<\/section>\n\t\t\t\t<div class=\"elementor-element elementor-element-30313c5 elementor-widget elementor-widget-text-editor\" data-id=\"30313c5\" data-element_type=\"widget\" data-e-type=\"widget\" data-widget_type=\"text-editor.default\">\n\t\t\t\t<div class=\"elementor-widget-container\">\n\t\t\t\t\t\t\t\t\t<p>Plusieurs essences d\u2019arbres, <strong>isol\u00e9s<\/strong>, vont se r\u00e9partir dans la <strong>zone humide<\/strong> : saule blanc, aulne glutineux, fr\u00eane commun, c\u00e8dre du Liban, fr\u00eane \u00e0 feuilles \u00e9troites, saule cendr\u00e9. Les noyers communs seront eux plant\u00e9s <strong>en alignement<\/strong>.<\/p><p>La <strong>haie arbustive<\/strong> en haut du coteau se compose de plusieurs essences r\u00e9parties sur 3 strates :<\/p><ol><li>Les buissonnants : nerprun purgatif, buis, \u00e9glantier, viorne lantane, cornouiller sanguin, fusain d\u2019Europe, tro\u00e8ne commun<\/li><li>Les petits arbustes : n\u00e9flier, noisetier (coudrier), sureau noir, saule marsault<\/li><li>Les grands arbustes : \u00e9rable champ\u00eatre, charme commun.\u00a0<\/li><\/ol>\t\t\t\t\t\t\t\t<\/div>\n\t\t\t\t<\/div>\n\t\t\t\t<div class=\"elementor-element elementor-element-bd73e72 elementor-widget elementor-widget-text-editor\" data-id=\"bd73e72\" data-element_type=\"widget\" data-e-type=\"widget\" data-widget_type=\"text-editor.default\">\n\t\t\t\t<div class=\"elementor-widget-container\">\n\t\t\t\t\t\t\t\t\t<p>Outre la plantation de vignes en AOC sur le coteau, le projet inclut \u00e9galement d\u2019am\u00e9nager sur la face sud-est, des<strong> carr\u00e9s de vignes anciennes ou modernes r\u00e9sistantes<\/strong>, qui seront <strong>encadr\u00e9es par des haies basses rogn\u00e9es<\/strong> \u00e0 2 strates :<\/p><ol><li>Les buissonnants : viorne lantane, cornouiller sanguin, framboisier, tro\u00e8ne commun, cassis, groseillier rouge et maquereau.<\/li><li>Les grands arbustes : \u00e9rable champ\u00eatre, charme commun.<\/li><\/ol>\t\t\t\t\t\t\t\t<\/div>\n\t\t\t\t<\/div>\n\t\t\t\t<div class=\"elementor-element elementor-element-fd7c3d8 elementor-widget elementor-widget-text-editor\" data-id=\"fd7c3d8\" data-element_type=\"widget\" data-e-type=\"widget\" data-widget_type=\"text-editor.default\">\n\t\t\t\t<div class=\"elementor-widget-container\">\n\t\t\t\t\t\t\t\t\t<p><strong>En bout de rangs des vignes<\/strong> plant\u00e9es en AOC, nous avons pr\u00e9vu des plantes mellif\u00e8res pour attirer les pollinisateurs, comme la lavande, le romarin, le rosier \u00e0 fleurs ouvertes, l\u2019immortelle, ou encore des plantes comme la tanaisie qui poss\u00e8de des propri\u00e9t\u00e9s insectifuges et fongicides naturelles.<\/p>\t\t\t\t\t\t\t\t<\/div>\n\t\t\t\t<\/div>\n\t\t\t\t<div class=\"elementor-element elementor-element-6c675ac elementor-widget elementor-widget-image\" data-id=\"6c675ac\" data-element_type=\"widget\" data-e-type=\"widget\" data-widget_type=\"image.default\">\n\t\t\t\t<div class=\"elementor-widget-container\">\n\t\t\t\t\t\t\t\t\t\t\t\t\t\t\t<img loading=\"lazy\" decoding=\"async\" width=\"1024\" height=\"721\" src=\"https:\/\/www.domaines-tatin.com\/wp-content\/uploads\/2025\/05\/plan-amenagement-vitiforestier-1-1024x721.jpg\" class=\"attachment-large size-large wp-image-7749\" alt=\"\" srcset=\"https:\/\/www.domaines-tatin.com\/wp-content\/uploads\/2025\/05\/plan-amenagement-vitiforestier-1-1024x721.jpg 1024w, https:\/\/www.domaines-tatin.com\/wp-content\/uploads\/2025\/05\/plan-amenagement-vitiforestier-1-500x352.jpg 500w, https:\/\/www.domaines-tatin.com\/wp-content\/uploads\/2025\/05\/plan-amenagement-vitiforestier-1-768x541.jpg 768w, https:\/\/www.domaines-tatin.com\/wp-content\/uploads\/2025\/05\/plan-amenagement-vitiforestier-1-100x70.jpg 100w, https:\/\/www.domaines-tatin.com\/wp-content\/uploads\/2025\/05\/plan-amenagement-vitiforestier-1-180x127.jpg 180w, https:\/\/www.domaines-tatin.com\/wp-content\/uploads\/2025\/05\/plan-amenagement-vitiforestier-1-200x141.jpg 200w\" sizes=\"(max-width: 1024px) 100vw, 1024px\" \/>\t\t\t\t\t\t\t\t\t\t\t\t\t\t\t<\/div>\n\t\t\t\t<\/div>\n\t\t\t\t<div class=\"elementor-element elementor-element-4228aef elementor-widget elementor-widget-text-editor\" data-id=\"4228aef\" data-element_type=\"widget\" data-e-type=\"widget\" data-widget_type=\"text-editor.default\">\n\t\t\t\t<div class=\"elementor-widget-container\">\n\t\t\t\t\t\t\t\t\t<p>En plantant ces lin\u00e9aires de haies, ces arbres isol\u00e9s et ces plantes, nous esp\u00e9rons renforcer le maillage \u00e9cologique du site et ainsi favoriser la biodiversit\u00e9 et la pr\u00e9sence d\u2019auxiliaires qui s\u2019attaquent aux pr\u00e9dateurs de la vigne (c\u2019est la lutte biologique). A titre d\u2019exemple, les coccinelles qui consomment les pucerons, acariens et cochenilles, hivernent et se r\u00e9fugient entre autres dans les noisetiers, fr\u00eanes et charmes. Les chrysopes trouvent \u00e9galement refuge dans les sureaux et \u00e9glantiers, et il s\u2019agit de fid\u00e8les alli\u00e9s contre les cicadelles vertes (qui pondent et piquent dans les feuilles, entra\u00eenant une perte de rendement, des difficult\u00e9s d\u2019ao\u00fbtement et une perte potentielle du taux de sucre et d\u2019alcool, donc de qualit\u00e9 du vin). Nous avons privil\u00e9gi\u00e9 les essences locales adapt\u00e9es au sol et au climat, qui nous ont \u00e9t\u00e9 recommand\u00e9es dans le rapport d\u2019\u00e9tude <a href=\"https:\/\/www.florinsectes.fr\/\" target=\"_blank\" rel=\"noopener\">Flor\u2019Insectes<\/a> men\u00e9e en 2021 dans les vignobles des AOC de Quincy et de Reuilly par Johanna Villenave-Chasset (d\u00e9j\u00e0 cit\u00e9e dans notre <a href=\"https:\/\/www.domaines-tatin.com\/le-travail-du-vignoble-un-brin-de-nature-cultivee-et-soignee\/\" target=\"_blank\" rel=\"noopener\">pr\u00e9c\u00e9dent article<\/a>), ainsi que par le conseiller en agroforesterie de la <a href=\"https:\/\/cher.chambres-agriculture.fr\/\" target=\"_blank\" rel=\"noopener\">Chambre d\u2019Agriculture du Cher<\/a>.<\/p><blockquote><p style=\"text-align: center;\"><em>\u00ab\u00a0La disparition d\u2019une seule esp\u00e8ce v\u00e9g\u00e9tale peut entra\u00eener \u00e0 elle seule l\u2019extinction de trente esp\u00e8ces animales. L\u2019\u00e9nergie produite et emmagasin\u00e9e par les plantes est source de nourriture pour les animaux.\u00a0\u00bb <\/em><em>(citation d&#8217;Alain Malard, Vignes, vins et permaculture, p. 35) <\/em><\/p><\/blockquote><p>Mais pas que ! Les arbres et arbustes servent de refuge, de corridor, de site de repos et d\u2019hivernage\u2026 et sans doute encore beaucoup d\u2019autres choses que nous ne discernons pas\u2026<\/p>\t\t\t\t\t\t\t\t<\/div>\n\t\t\t\t<\/div>\n\t\t\t\t<section class=\"elementor-section elementor-inner-section elementor-element elementor-element-659f968 elementor-section-content-middle elementor-section-boxed elementor-section-height-default elementor-section-height-default parallax_section_no qode_elementor_container_no\" data-id=\"659f968\" data-element_type=\"section\" data-e-type=\"section\">\n\t\t\t\t\t\t<div class=\"elementor-container elementor-column-gap-default\">\n\t\t\t\t\t<div class=\"elementor-column elementor-col-50 elementor-inner-column elementor-element elementor-element-da8a4fe\" data-id=\"da8a4fe\" data-element_type=\"column\" data-e-type=\"column\">\n\t\t\t<div class=\"elementor-widget-wrap elementor-element-populated\">\n\t\t\t\t\t\t<div class=\"elementor-element elementor-element-4e9d9fb elementor-widget elementor-widget-text-editor\" data-id=\"4e9d9fb\" data-element_type=\"widget\" data-e-type=\"widget\" data-widget_type=\"text-editor.default\">\n\t\t\t\t<div class=\"elementor-widget-container\">\n\t\t\t\t\t\t\t\t\t<p>En juillet 2022, lors d&#8217;une des journ\u00e9es les plus chaudes de cet \u00e9t\u00e9 torride, Johanna forme les vignerons sur le terrain du Croz.\u00a0<\/p>\t\t\t\t\t\t\t\t<\/div>\n\t\t\t\t<\/div>\n\t\t\t\t\t<\/div>\n\t\t<\/div>\n\t\t\t\t<div class=\"elementor-column elementor-col-50 elementor-inner-column elementor-element elementor-element-56b815d\" data-id=\"56b815d\" data-element_type=\"column\" data-e-type=\"column\">\n\t\t\t<div class=\"elementor-widget-wrap elementor-element-populated\">\n\t\t\t\t\t\t<div class=\"elementor-element elementor-element-c18c7aa elementor-widget elementor-widget-image\" data-id=\"c18c7aa\" data-element_type=\"widget\" data-e-type=\"widget\" data-widget_type=\"image.default\">\n\t\t\t\t<div class=\"elementor-widget-container\">\n\t\t\t\t\t\t\t\t\t\t\t\t<figure class=\"wp-caption\">\n\t\t\t\t\t\t\t\t\t\t<img loading=\"lazy\" decoding=\"async\" width=\"1024\" height=\"768\" src=\"https:\/\/www.domaines-tatin.com\/wp-content\/uploads\/2025\/05\/pxl-20220718-125611811mp-1024x768.jpg\" class=\"attachment-large size-large wp-image-7759\" alt=\"\" srcset=\"https:\/\/www.domaines-tatin.com\/wp-content\/uploads\/2025\/05\/pxl-20220718-125611811mp-1024x768.jpg 1024w, https:\/\/www.domaines-tatin.com\/wp-content\/uploads\/2025\/05\/pxl-20220718-125611811mp-500x375.jpg 500w, https:\/\/www.domaines-tatin.com\/wp-content\/uploads\/2025\/05\/pxl-20220718-125611811mp-768x576.jpg 768w, https:\/\/www.domaines-tatin.com\/wp-content\/uploads\/2025\/05\/pxl-20220718-125611811mp-100x75.jpg 100w, https:\/\/www.domaines-tatin.com\/wp-content\/uploads\/2025\/05\/pxl-20220718-125611811mp-180x135.jpg 180w, https:\/\/www.domaines-tatin.com\/wp-content\/uploads\/2025\/05\/pxl-20220718-125611811mp-200x150.jpg 200w\" sizes=\"(max-width: 1024px) 100vw, 1024px\" \/>\t\t\t\t\t\t\t\t\t\t\t<figcaption class=\"widget-image-caption wp-caption-text\">Photo : Chlo\u00e9 Walot<\/figcaption>\n\t\t\t\t\t\t\t\t\t\t<\/figure>\n\t\t\t\t\t\t\t\t\t<\/div>\n\t\t\t\t<\/div>\n\t\t\t\t\t<\/div>\n\t\t<\/div>\n\t\t\t\t\t<\/div>\n\t\t<\/section>\n\t\t\t\t<div class=\"elementor-element elementor-element-9c39a90 elementor-widget elementor-widget-text-editor\" data-id=\"9c39a90\" data-element_type=\"widget\" data-e-type=\"widget\" data-widget_type=\"text-editor.default\">\n\t\t\t\t<div class=\"elementor-widget-container\">\n\t\t\t\t\t\t\t\t\t<p>Et pour pouvoir profiter pleinement, le projet comprend \u00e9galement un itin\u00e9raire de promenade dans la vigne et un belv\u00e9d\u00e8re bois\u00e9 sur un beau point de vue. Un chemin de randonn\u00e9e va \u00eatre am\u00e9nag\u00e9 le long de la vigne, traversant un petit bois, sur le coteau est, et remontant \u00e0 travers la vigne, longeant le sommet de coteau.<\/p>\t\t\t\t\t\t\t\t<\/div>\n\t\t\t\t<\/div>\n\t\t\t\t<section class=\"elementor-section elementor-inner-section elementor-element elementor-element-fa2c74c elementor-section-content-middle elementor-section-boxed elementor-section-height-default elementor-section-height-default parallax_section_no qode_elementor_container_no\" data-id=\"fa2c74c\" data-element_type=\"section\" data-e-type=\"section\">\n\t\t\t\t\t\t<div class=\"elementor-container elementor-column-gap-default\">\n\t\t\t\t\t<div class=\"elementor-column elementor-col-50 elementor-inner-column elementor-element elementor-element-bfe5a1e\" data-id=\"bfe5a1e\" data-element_type=\"column\" data-e-type=\"column\">\n\t\t\t<div class=\"elementor-widget-wrap elementor-element-populated\">\n\t\t\t\t\t\t<div class=\"elementor-element elementor-element-344a2a2 elementor-widget elementor-widget-image\" data-id=\"344a2a2\" data-element_type=\"widget\" data-e-type=\"widget\" data-widget_type=\"image.default\">\n\t\t\t\t<div class=\"elementor-widget-container\">\n\t\t\t\t\t\t\t\t\t\t\t\t<figure class=\"wp-caption\">\n\t\t\t\t\t\t\t\t\t\t<img loading=\"lazy\" decoding=\"async\" width=\"1024\" height=\"576\" src=\"https:\/\/www.domaines-tatin.com\/wp-content\/uploads\/2025\/05\/image-1024x576.jpg\" class=\"attachment-large size-large wp-image-7755\" alt=\"\" srcset=\"https:\/\/www.domaines-tatin.com\/wp-content\/uploads\/2025\/05\/image-1024x576.jpg 1024w, https:\/\/www.domaines-tatin.com\/wp-content\/uploads\/2025\/05\/image-500x281.jpg 500w, https:\/\/www.domaines-tatin.com\/wp-content\/uploads\/2025\/05\/image-768x432.jpg 768w, https:\/\/www.domaines-tatin.com\/wp-content\/uploads\/2025\/05\/image-100x56.jpg 100w, https:\/\/www.domaines-tatin.com\/wp-content\/uploads\/2025\/05\/image-180x101.jpg 180w, https:\/\/www.domaines-tatin.com\/wp-content\/uploads\/2025\/05\/image-200x113.jpg 200w, https:\/\/www.domaines-tatin.com\/wp-content\/uploads\/2025\/05\/image.jpg 1920w\" sizes=\"(max-width: 1024px) 100vw, 1024px\" \/>\t\t\t\t\t\t\t\t\t\t\t<figcaption class=\"widget-image-caption wp-caption-text\">Photo : Albin Roux<\/figcaption>\n\t\t\t\t\t\t\t\t\t\t<\/figure>\n\t\t\t\t\t\t\t\t\t<\/div>\n\t\t\t\t<\/div>\n\t\t\t\t\t<\/div>\n\t\t<\/div>\n\t\t\t\t<div class=\"elementor-column elementor-col-50 elementor-inner-column elementor-element elementor-element-8619214\" data-id=\"8619214\" data-element_type=\"column\" data-e-type=\"column\">\n\t\t\t<div class=\"elementor-widget-wrap elementor-element-populated\">\n\t\t\t\t\t\t<div class=\"elementor-element elementor-element-201abf1 elementor-widget elementor-widget-text-editor\" data-id=\"201abf1\" data-element_type=\"widget\" data-e-type=\"widget\" data-widget_type=\"text-editor.default\">\n\t\t\t\t<div class=\"elementor-widget-container\">\n\t\t\t\t\t\t\t\t\t<p>Si vous vous aventurez dans le bois du bas, vous tomberez peut-\u00eatre sur cette fontaine am\u00e9nag\u00e9e vers 1880 par un ing\u00e9nieur de la ville de Reuilly au profit des vignerons qui travaillaient dans le vallon des Tirans.<\/p>\t\t\t\t\t\t\t\t<\/div>\n\t\t\t\t<\/div>\n\t\t\t\t\t<\/div>\n\t\t<\/div>\n\t\t\t\t\t<\/div>\n\t\t<\/section>\n\t\t\t\t<div class=\"elementor-element elementor-element-f2beaab elementor-widget elementor-widget-text-editor\" data-id=\"f2beaab\" data-element_type=\"widget\" data-e-type=\"widget\" data-widget_type=\"text-editor.default\">\n\t\t\t\t<div class=\"elementor-widget-container\">\n\t\t\t\t\t\t\t\t\t<p>Au repos au milieu d\u2019un belv\u00e9d\u00e8re bois\u00e9 de c\u00e8dres donnera \u00e0 voir la succession des coteaux de Reuilly, le vallon des Tirans et la vall\u00e9e de l\u2019Arnon !<\/p><p>Le beau et le bon s&#8217;acheminent de concert, et participent de l\u2019esth\u00e9tique d\u2019un vignoble de qualit\u00e9 !<\/p><p style=\"text-align: center;\">Bonnes balades !<\/p>\t\t\t\t\t\t\t\t<\/div>\n\t\t\t\t<\/div>\n\t\t\t\t<div class=\"elementor-element elementor-element-ce47477 elementor-widget elementor-widget-image\" data-id=\"ce47477\" data-element_type=\"widget\" data-e-type=\"widget\" data-widget_type=\"image.default\">\n\t\t\t\t<div class=\"elementor-widget-container\">\n\t\t\t\t\t\t\t\t\t\t\t\t<figure class=\"wp-caption\">\n\t\t\t\t\t\t\t\t\t\t<img loading=\"lazy\" decoding=\"async\" width=\"1024\" height=\"768\" src=\"https:\/\/www.domaines-tatin.com\/wp-content\/uploads\/2025\/05\/pxl-20220718-133019031-1024x768.jpg\" class=\"attachment-large size-large wp-image-7757\" alt=\"\" srcset=\"https:\/\/www.domaines-tatin.com\/wp-content\/uploads\/2025\/05\/pxl-20220718-133019031-1024x768.jpg 1024w, https:\/\/www.domaines-tatin.com\/wp-content\/uploads\/2025\/05\/pxl-20220718-133019031-500x375.jpg 500w, https:\/\/www.domaines-tatin.com\/wp-content\/uploads\/2025\/05\/pxl-20220718-133019031-768x576.jpg 768w, https:\/\/www.domaines-tatin.com\/wp-content\/uploads\/2025\/05\/pxl-20220718-133019031-100x75.jpg 100w, https:\/\/www.domaines-tatin.com\/wp-content\/uploads\/2025\/05\/pxl-20220718-133019031-180x135.jpg 180w, https:\/\/www.domaines-tatin.com\/wp-content\/uploads\/2025\/05\/pxl-20220718-133019031-200x150.jpg 200w\" sizes=\"(max-width: 1024px) 100vw, 1024px\" \/>\t\t\t\t\t\t\t\t\t\t\t<figcaption class=\"widget-image-caption wp-caption-text\">Photo : Chlo\u00e9 Walot<\/figcaption>\n\t\t\t\t\t\t\t\t\t\t<\/figure>\n\t\t\t\t\t\t\t\t\t<\/div>\n\t\t\t\t<\/div>\n\t\t\t\t\t<\/div>\n\t\t<\/div>\n\t\t\t\t\t<\/div>\n\t\t<\/section>\n\t\t\t\t<\/div>\n\t\t","protected":false},"excerpt":{"rendered":"<p>Au loin, une pelleteuse se dessine sur le haut du coteau, face nord-est. Photo : Chlo\u00e9 Walot Les Croz est une parcelle situ\u00e9e sur les&#8230;<\/p>\n","protected":false},"author":542,"featured_media":7703,"comment_status":"closed","ping_status":"closed","sticky":false,"template":"","format":"standard","meta":{"_acf_changed":false,"footnotes":""},"categories":[57,131],"tags":[],"class_list":["post-7693","post","type-post","status-publish","format-standard","has-post-thumbnail","hentry","category-actualites","category-terroir"],"acf":[],"yoast_head":"<!-- This site is optimized with the Yoast SEO plugin v27.5 - https:\/\/yoast.com\/product\/yoast-seo-wordpress\/ -->\n<title>Le Croz, les Tirans, un projet d\u2019am\u00e9nagement vitiforestier - Domaines Tatin<\/title>\n<meta name=\"description\" content=\"Ce projet s&#039;inscrit dans le cadre des projets de valorisation paysag\u00e8re du vignoble des AOC Quincy et Reuilly.\" \/>\n<meta name=\"robots\" content=\"index, follow, max-snippet:-1, max-image-preview:large, max-video-preview:-1\" \/>\n<link rel=\"canonical\" href=\"https:\/\/www.domaines-tatin.com\/en\/le-croz-les-tirans-un-projet-d-amenagement-vitiforestier\/\" \/>\n<meta property=\"og:locale\" content=\"en_US\" \/>\n<meta property=\"og:type\" content=\"article\" \/>\n<meta property=\"og:title\" content=\"Le Croz, les Tirans, un projet d\u2019am\u00e9nagement vitiforestier - Domaines Tatin\" \/>\n<meta property=\"og:description\" content=\"Ce projet s&#039;inscrit dans le cadre des projets de valorisation paysag\u00e8re du vignoble des AOC Quincy et Reuilly.\" \/>\n<meta property=\"og:url\" content=\"https:\/\/www.domaines-tatin.com\/en\/le-croz-les-tirans-un-projet-d-amenagement-vitiforestier\/\" \/>\n<meta property=\"og:site_name\" content=\"Domaines Tatin\" \/>\n<meta property=\"article:published_time\" content=\"2025-05-12T09:07:34+00:00\" \/>\n<meta property=\"article:modified_time\" content=\"2026-03-12T10:07:15+00:00\" \/>\n<meta property=\"og:image\" content=\"https:\/\/www.domaines-tatin.com\/wp-content\/uploads\/2025\/04\/les-croz-chantier-180425-1-redim-1.jpg\" \/>\n\t<meta property=\"og:image:width\" content=\"2557\" \/>\n\t<meta property=\"og:image:height\" content=\"951\" \/>\n\t<meta property=\"og:image:type\" content=\"image\/jpeg\" \/>\n<meta name=\"author\" content=\"Chlo\u00e9 Walot\" \/>\n<meta name=\"twitter:card\" content=\"summary_large_image\" \/>\n<meta name=\"twitter:label1\" content=\"Written by\" \/>\n\t<meta name=\"twitter:data1\" content=\"Chlo\u00e9 Walot\" \/>\n\t<meta name=\"twitter:label2\" content=\"Est. reading time\" \/>\n\t<meta name=\"twitter:data2\" content=\"7 minutes\" \/>\n<script type=\"application\/ld+json\" class=\"yoast-schema-graph\">{\"@context\":\"https:\\\/\\\/schema.org\",\"@graph\":[{\"@type\":\"Article\",\"@id\":\"https:\\\/\\\/www.domaines-tatin.com\\\/en\\\/le-croz-les-tirans-un-projet-d-amenagement-vitiforestier\\\/#article\",\"isPartOf\":{\"@id\":\"https:\\\/\\\/www.domaines-tatin.com\\\/en\\\/le-croz-les-tirans-un-projet-d-amenagement-vitiforestier\\\/\"},\"author\":{\"name\":\"Chlo\u00e9 Walot\",\"@id\":\"https:\\\/\\\/www.domaines-tatin.com\\\/en\\\/#\\\/schema\\\/person\\\/1f078a50bb027e2ce60062bf0dd5355d\"},\"headline\":\"Le Croz, les Tirans, un projet d\u2019am\u00e9nagement vitiforestier\",\"datePublished\":\"2025-05-12T09:07:34+00:00\",\"dateModified\":\"2026-03-12T10:07:15+00:00\",\"mainEntityOfPage\":{\"@id\":\"https:\\\/\\\/www.domaines-tatin.com\\\/en\\\/le-croz-les-tirans-un-projet-d-amenagement-vitiforestier\\\/\"},\"wordCount\":1109,\"publisher\":{\"@id\":\"https:\\\/\\\/www.domaines-tatin.com\\\/en\\\/#organization\"},\"image\":{\"@id\":\"https:\\\/\\\/www.domaines-tatin.com\\\/en\\\/le-croz-les-tirans-un-projet-d-amenagement-vitiforestier\\\/#primaryimage\"},\"thumbnailUrl\":\"https:\\\/\\\/www.domaines-tatin.com\\\/wp-content\\\/uploads\\\/2025\\\/04\\\/les-croz-chantier-180425-1-redim-1.jpg\",\"articleSection\":[\"Actualit\u00e9s\",\"Terroir\"],\"inLanguage\":\"en-US\"},{\"@type\":\"WebPage\",\"@id\":\"https:\\\/\\\/www.domaines-tatin.com\\\/en\\\/le-croz-les-tirans-un-projet-d-amenagement-vitiforestier\\\/\",\"url\":\"https:\\\/\\\/www.domaines-tatin.com\\\/en\\\/le-croz-les-tirans-un-projet-d-amenagement-vitiforestier\\\/\",\"name\":\"Le Croz, les Tirans, un projet d\u2019am\u00e9nagement vitiforestier - Domaines Tatin\",\"isPartOf\":{\"@id\":\"https:\\\/\\\/www.domaines-tatin.com\\\/en\\\/#website\"},\"primaryImageOfPage\":{\"@id\":\"https:\\\/\\\/www.domaines-tatin.com\\\/en\\\/le-croz-les-tirans-un-projet-d-amenagement-vitiforestier\\\/#primaryimage\"},\"image\":{\"@id\":\"https:\\\/\\\/www.domaines-tatin.com\\\/en\\\/le-croz-les-tirans-un-projet-d-amenagement-vitiforestier\\\/#primaryimage\"},\"thumbnailUrl\":\"https:\\\/\\\/www.domaines-tatin.com\\\/wp-content\\\/uploads\\\/2025\\\/04\\\/les-croz-chantier-180425-1-redim-1.jpg\",\"datePublished\":\"2025-05-12T09:07:34+00:00\",\"dateModified\":\"2026-03-12T10:07:15+00:00\",\"description\":\"Ce projet s'inscrit dans le cadre des projets de valorisation paysag\u00e8re du vignoble des AOC Quincy et Reuilly.\",\"breadcrumb\":{\"@id\":\"https:\\\/\\\/www.domaines-tatin.com\\\/en\\\/le-croz-les-tirans-un-projet-d-amenagement-vitiforestier\\\/#breadcrumb\"},\"inLanguage\":\"en-US\",\"potentialAction\":[{\"@type\":\"ReadAction\",\"target\":[\"https:\\\/\\\/www.domaines-tatin.com\\\/en\\\/le-croz-les-tirans-un-projet-d-amenagement-vitiforestier\\\/\"]}]},{\"@type\":\"ImageObject\",\"inLanguage\":\"en-US\",\"@id\":\"https:\\\/\\\/www.domaines-tatin.com\\\/en\\\/le-croz-les-tirans-un-projet-d-amenagement-vitiforestier\\\/#primaryimage\",\"url\":\"https:\\\/\\\/www.domaines-tatin.com\\\/wp-content\\\/uploads\\\/2025\\\/04\\\/les-croz-chantier-180425-1-redim-1.jpg\",\"contentUrl\":\"https:\\\/\\\/www.domaines-tatin.com\\\/wp-content\\\/uploads\\\/2025\\\/04\\\/les-croz-chantier-180425-1-redim-1.jpg\",\"width\":2557,\"height\":951},{\"@type\":\"BreadcrumbList\",\"@id\":\"https:\\\/\\\/www.domaines-tatin.com\\\/en\\\/le-croz-les-tirans-un-projet-d-amenagement-vitiforestier\\\/#breadcrumb\",\"itemListElement\":[{\"@type\":\"ListItem\",\"position\":1,\"name\":\"Accueil\",\"item\":\"http:\\\/\\\/www.domaines-tatin.com\\\/en\\\/\"},{\"@type\":\"ListItem\",\"position\":2,\"name\":\"Le Croz, les Tirans, un projet d\u2019am\u00e9nagement vitiforestier\"}]},{\"@type\":\"WebSite\",\"@id\":\"https:\\\/\\\/www.domaines-tatin.com\\\/en\\\/#website\",\"url\":\"https:\\\/\\\/www.domaines-tatin.com\\\/en\\\/\",\"name\":\"Domaines Tatin\",\"description\":\"Vignerons r\u00e9coltants en AOC Quincy et AOC Reuilly\",\"publisher\":{\"@id\":\"https:\\\/\\\/www.domaines-tatin.com\\\/en\\\/#organization\"},\"potentialAction\":[{\"@type\":\"SearchAction\",\"target\":{\"@type\":\"EntryPoint\",\"urlTemplate\":\"https:\\\/\\\/www.domaines-tatin.com\\\/en\\\/?s={search_term_string}\"},\"query-input\":{\"@type\":\"PropertyValueSpecification\",\"valueRequired\":true,\"valueName\":\"search_term_string\"}}],\"inLanguage\":\"en-US\"},{\"@type\":\"Organization\",\"@id\":\"https:\\\/\\\/www.domaines-tatin.com\\\/en\\\/#organization\",\"name\":\"Domaines tatins\",\"url\":\"https:\\\/\\\/www.domaines-tatin.com\\\/en\\\/\",\"logo\":{\"@type\":\"ImageObject\",\"inLanguage\":\"en-US\",\"@id\":\"https:\\\/\\\/www.domaines-tatin.com\\\/en\\\/#\\\/schema\\\/logo\\\/image\\\/\",\"url\":\"https:\\\/\\\/www.domaines-tatin.com\\\/wp-content\\\/uploads\\\/2020\\\/07\\\/DemoisellesVerreTRansparent.png\",\"contentUrl\":\"https:\\\/\\\/www.domaines-tatin.com\\\/wp-content\\\/uploads\\\/2020\\\/07\\\/DemoisellesVerreTRansparent.png\",\"width\":709,\"height\":1012,\"caption\":\"Domaines tatins\"},\"image\":{\"@id\":\"https:\\\/\\\/www.domaines-tatin.com\\\/en\\\/#\\\/schema\\\/logo\\\/image\\\/\"}},{\"@type\":\"Person\",\"@id\":\"https:\\\/\\\/www.domaines-tatin.com\\\/en\\\/#\\\/schema\\\/person\\\/1f078a50bb027e2ce60062bf0dd5355d\",\"name\":\"Chlo\u00e9 Walot\",\"image\":{\"@type\":\"ImageObject\",\"inLanguage\":\"en-US\",\"@id\":\"https:\\\/\\\/secure.gravatar.com\\\/avatar\\\/4f2035c18df88cda3b24cdc852b6ec2714dbd1364e3e9ae422e104ca54abf050?s=96&d=mm&r=g\",\"url\":\"https:\\\/\\\/secure.gravatar.com\\\/avatar\\\/4f2035c18df88cda3b24cdc852b6ec2714dbd1364e3e9ae422e104ca54abf050?s=96&d=mm&r=g\",\"contentUrl\":\"https:\\\/\\\/secure.gravatar.com\\\/avatar\\\/4f2035c18df88cda3b24cdc852b6ec2714dbd1364e3e9ae422e104ca54abf050?s=96&d=mm&r=g\",\"caption\":\"Chlo\u00e9 Walot\"},\"description\":\"Chlo\u00e9 est n\u00e9e \u00e0 Bruxelles et a v\u00e9cu toute son enfance entour\u00e9e de la campagne wallonne. Son double master, d\u2019abord en Anthropologie sociale et culturelle et ensuite, en Sciences et gestion de l\u2019environnement, l\u2019am\u00e8ne \u00e0 travailler \u00e0 l\u2019universit\u00e9 sur des projets d\u2019adaptation climatique et d\u2019am\u00e9nagement du territoire. En 2019, elle d\u00e9m\u00e9nage dans le Berry pour travailler dans le secteur viticole o\u00f9 elle prend go\u00fbt aux cultures de la vigne et du vin. Chlo\u00e9 a toujours eu un penchant pour l\u2019arch\u00e9ologie et pour le jardinage mais aussi pour l\u2019\u00e9criture et la photographie : l\u2019envie de narrer les sujets qui l\u2019animent et la pr\u00e9occupent sur le moment ne la quitte jamais, d\u2019o\u00f9 la diversit\u00e9 des sujets trait\u00e9s \ud83d\ude0a\",\"sameAs\":[\"https:\\\/\\\/www.linkedin.com\\\/in\\\/chlo-walot-7b544b75\\\/\"]}]}<\/script>\n<!-- \/ Yoast SEO plugin. -->","yoast_head_json":{"title":"Le Croz, les Tirans, un projet d\u2019am\u00e9nagement vitiforestier - Domaines Tatin","description":"Ce projet s'inscrit dans le cadre des projets de valorisation paysag\u00e8re du vignoble des AOC Quincy et Reuilly.","robots":{"index":"index","follow":"follow","max-snippet":"max-snippet:-1","max-image-preview":"max-image-preview:large","max-video-preview":"max-video-preview:-1"},"canonical":"https:\/\/www.domaines-tatin.com\/en\/le-croz-les-tirans-un-projet-d-amenagement-vitiforestier\/","og_locale":"en_US","og_type":"article","og_title":"Le Croz, les Tirans, un projet d\u2019am\u00e9nagement vitiforestier - Domaines Tatin","og_description":"Ce projet s'inscrit dans le cadre des projets de valorisation paysag\u00e8re du vignoble des AOC Quincy et Reuilly.","og_url":"https:\/\/www.domaines-tatin.com\/en\/le-croz-les-tirans-un-projet-d-amenagement-vitiforestier\/","og_site_name":"Domaines Tatin","article_published_time":"2025-05-12T09:07:34+00:00","article_modified_time":"2026-03-12T10:07:15+00:00","og_image":[{"width":2557,"height":951,"url":"https:\/\/www.domaines-tatin.com\/wp-content\/uploads\/2025\/04\/les-croz-chantier-180425-1-redim-1.jpg","type":"image\/jpeg"}],"author":"Chlo\u00e9 Walot","twitter_card":"summary_large_image","twitter_misc":{"Written by":"Chlo\u00e9 Walot","Est. reading time":"7 minutes"},"schema":{"@context":"https:\/\/schema.org","@graph":[{"@type":"Article","@id":"https:\/\/www.domaines-tatin.com\/en\/le-croz-les-tirans-un-projet-d-amenagement-vitiforestier\/#article","isPartOf":{"@id":"https:\/\/www.domaines-tatin.com\/en\/le-croz-les-tirans-un-projet-d-amenagement-vitiforestier\/"},"author":{"name":"Chlo\u00e9 Walot","@id":"https:\/\/www.domaines-tatin.com\/en\/#\/schema\/person\/1f078a50bb027e2ce60062bf0dd5355d"},"headline":"Le Croz, les Tirans, un projet d\u2019am\u00e9nagement vitiforestier","datePublished":"2025-05-12T09:07:34+00:00","dateModified":"2026-03-12T10:07:15+00:00","mainEntityOfPage":{"@id":"https:\/\/www.domaines-tatin.com\/en\/le-croz-les-tirans-un-projet-d-amenagement-vitiforestier\/"},"wordCount":1109,"publisher":{"@id":"https:\/\/www.domaines-tatin.com\/en\/#organization"},"image":{"@id":"https:\/\/www.domaines-tatin.com\/en\/le-croz-les-tirans-un-projet-d-amenagement-vitiforestier\/#primaryimage"},"thumbnailUrl":"https:\/\/www.domaines-tatin.com\/wp-content\/uploads\/2025\/04\/les-croz-chantier-180425-1-redim-1.jpg","articleSection":["Actualit\u00e9s","Terroir"],"inLanguage":"en-US"},{"@type":"WebPage","@id":"https:\/\/www.domaines-tatin.com\/en\/le-croz-les-tirans-un-projet-d-amenagement-vitiforestier\/","url":"https:\/\/www.domaines-tatin.com\/en\/le-croz-les-tirans-un-projet-d-amenagement-vitiforestier\/","name":"Le Croz, les Tirans, un projet d\u2019am\u00e9nagement vitiforestier - Domaines Tatin","isPartOf":{"@id":"https:\/\/www.domaines-tatin.com\/en\/#website"},"primaryImageOfPage":{"@id":"https:\/\/www.domaines-tatin.com\/en\/le-croz-les-tirans-un-projet-d-amenagement-vitiforestier\/#primaryimage"},"image":{"@id":"https:\/\/www.domaines-tatin.com\/en\/le-croz-les-tirans-un-projet-d-amenagement-vitiforestier\/#primaryimage"},"thumbnailUrl":"https:\/\/www.domaines-tatin.com\/wp-content\/uploads\/2025\/04\/les-croz-chantier-180425-1-redim-1.jpg","datePublished":"2025-05-12T09:07:34+00:00","dateModified":"2026-03-12T10:07:15+00:00","description":"Ce projet s'inscrit dans le cadre des projets de valorisation paysag\u00e8re du vignoble des AOC Quincy et Reuilly.","breadcrumb":{"@id":"https:\/\/www.domaines-tatin.com\/en\/le-croz-les-tirans-un-projet-d-amenagement-vitiforestier\/#breadcrumb"},"inLanguage":"en-US","potentialAction":[{"@type":"ReadAction","target":["https:\/\/www.domaines-tatin.com\/en\/le-croz-les-tirans-un-projet-d-amenagement-vitiforestier\/"]}]},{"@type":"ImageObject","inLanguage":"en-US","@id":"https:\/\/www.domaines-tatin.com\/en\/le-croz-les-tirans-un-projet-d-amenagement-vitiforestier\/#primaryimage","url":"https:\/\/www.domaines-tatin.com\/wp-content\/uploads\/2025\/04\/les-croz-chantier-180425-1-redim-1.jpg","contentUrl":"https:\/\/www.domaines-tatin.com\/wp-content\/uploads\/2025\/04\/les-croz-chantier-180425-1-redim-1.jpg","width":2557,"height":951},{"@type":"BreadcrumbList","@id":"https:\/\/www.domaines-tatin.com\/en\/le-croz-les-tirans-un-projet-d-amenagement-vitiforestier\/#breadcrumb","itemListElement":[{"@type":"ListItem","position":1,"name":"Accueil","item":"http:\/\/www.domaines-tatin.com\/en\/"},{"@type":"ListItem","position":2,"name":"Le Croz, les Tirans, un projet d\u2019am\u00e9nagement vitiforestier"}]},{"@type":"WebSite","@id":"https:\/\/www.domaines-tatin.com\/en\/#website","url":"https:\/\/www.domaines-tatin.com\/en\/","name":"Domaines Tatin","description":"Vignerons r\u00e9coltants en AOC Quincy et AOC Reuilly","publisher":{"@id":"https:\/\/www.domaines-tatin.com\/en\/#organization"},"potentialAction":[{"@type":"SearchAction","target":{"@type":"EntryPoint","urlTemplate":"https:\/\/www.domaines-tatin.com\/en\/?s={search_term_string}"},"query-input":{"@type":"PropertyValueSpecification","valueRequired":true,"valueName":"search_term_string"}}],"inLanguage":"en-US"},{"@type":"Organization","@id":"https:\/\/www.domaines-tatin.com\/en\/#organization","name":"Domaines tatins","url":"https:\/\/www.domaines-tatin.com\/en\/","logo":{"@type":"ImageObject","inLanguage":"en-US","@id":"https:\/\/www.domaines-tatin.com\/en\/#\/schema\/logo\/image\/","url":"https:\/\/www.domaines-tatin.com\/wp-content\/uploads\/2020\/07\/DemoisellesVerreTRansparent.png","contentUrl":"https:\/\/www.domaines-tatin.com\/wp-content\/uploads\/2020\/07\/DemoisellesVerreTRansparent.png","width":709,"height":1012,"caption":"Domaines tatins"},"image":{"@id":"https:\/\/www.domaines-tatin.com\/en\/#\/schema\/logo\/image\/"}},{"@type":"Person","@id":"https:\/\/www.domaines-tatin.com\/en\/#\/schema\/person\/1f078a50bb027e2ce60062bf0dd5355d","name":"Chlo\u00e9 Walot","image":{"@type":"ImageObject","inLanguage":"en-US","@id":"https:\/\/secure.gravatar.com\/avatar\/4f2035c18df88cda3b24cdc852b6ec2714dbd1364e3e9ae422e104ca54abf050?s=96&d=mm&r=g","url":"https:\/\/secure.gravatar.com\/avatar\/4f2035c18df88cda3b24cdc852b6ec2714dbd1364e3e9ae422e104ca54abf050?s=96&d=mm&r=g","contentUrl":"https:\/\/secure.gravatar.com\/avatar\/4f2035c18df88cda3b24cdc852b6ec2714dbd1364e3e9ae422e104ca54abf050?s=96&d=mm&r=g","caption":"Chlo\u00e9 Walot"},"description":"Chlo\u00e9 est n\u00e9e \u00e0 Bruxelles et a v\u00e9cu toute son enfance entour\u00e9e de la campagne wallonne. Son double master, d\u2019abord en Anthropologie sociale et culturelle et ensuite, en Sciences et gestion de l\u2019environnement, l\u2019am\u00e8ne \u00e0 travailler \u00e0 l\u2019universit\u00e9 sur des projets d\u2019adaptation climatique et d\u2019am\u00e9nagement du territoire. En 2019, elle d\u00e9m\u00e9nage dans le Berry pour travailler dans le secteur viticole o\u00f9 elle prend go\u00fbt aux cultures de la vigne et du vin. Chlo\u00e9 a toujours eu un penchant pour l\u2019arch\u00e9ologie et pour le jardinage mais aussi pour l\u2019\u00e9criture et la photographie : l\u2019envie de narrer les sujets qui l\u2019animent et la pr\u00e9occupent sur le moment ne la quitte jamais, d\u2019o\u00f9 la diversit\u00e9 des sujets trait\u00e9s \ud83d\ude0a","sameAs":["https:\/\/www.linkedin.com\/in\/chlo-walot-7b544b75\/"]}]}},"_links":{"self":[{"href":"https:\/\/www.domaines-tatin.com\/en\/wp-json\/wp\/v2\/posts\/7693","targetHints":{"allow":["GET"]}}],"collection":[{"href":"https:\/\/www.domaines-tatin.com\/en\/wp-json\/wp\/v2\/posts"}],"about":[{"href":"https:\/\/www.domaines-tatin.com\/en\/wp-json\/wp\/v2\/types\/post"}],"author":[{"embeddable":true,"href":"https:\/\/www.domaines-tatin.com\/en\/wp-json\/wp\/v2\/users\/542"}],"replies":[{"embeddable":true,"href":"https:\/\/www.domaines-tatin.com\/en\/wp-json\/wp\/v2\/comments?post=7693"}],"version-history":[{"count":2,"href":"https:\/\/www.domaines-tatin.com\/en\/wp-json\/wp\/v2\/posts\/7693\/revisions"}],"predecessor-version":[{"id":7964,"href":"https:\/\/www.domaines-tatin.com\/en\/wp-json\/wp\/v2\/posts\/7693\/revisions\/7964"}],"wp:featuredmedia":[{"embeddable":true,"href":"https:\/\/www.domaines-tatin.com\/en\/wp-json\/wp\/v2\/media\/7703"}],"wp:attachment":[{"href":"https:\/\/www.domaines-tatin.com\/en\/wp-json\/wp\/v2\/media?parent=7693"}],"wp:term":[{"taxonomy":"category","embeddable":true,"href":"https:\/\/www.domaines-tatin.com\/en\/wp-json\/wp\/v2\/categories?post=7693"},{"taxonomy":"post_tag","embeddable":true,"href":"https:\/\/www.domaines-tatin.com\/en\/wp-json\/wp\/v2\/tags?post=7693"}],"curies":[{"name":"wp","href":"https:\/\/api.w.org\/{rel}","templated":true}]}}